{"headers": {"id": "ID", "ano": "Ano", "numero": "N\u00famero", "tipo__sigla": "Tipo de Mat\u00e9ria Legislativa/Sigla", "tipo__descricao": "Tipo de Mat\u00e9ria Legislativa/Descri\u00e7\u00e3o", "autoria": "Autorias", "texto_original": "Texto Original", "ementa": "Ementa"}, "results": [{"id": "14940", "ano": "2020", "numero": "68", "tipo__sigla": "PL", "tipo__descricao": "Projeto de Lei Ordin\u00e1ria", "autoria": "Dercinho Neg\u00e3o do Caminh\u00e3o", "texto_original": "http://sapl.saovicente.sp.leg.br/media/sapl/public/materialegislativa/2020/14940/pl_68_br.pdf", "ementa": "Disp\u00f5e sobre a distribui\u00e7\u00e3o gratuita de g\u00e1s de cozinha \u00e0s fam\u00edlias carentes do Munic\u00edpio cadastradas em programas sociais, enquanto vigorar o estado de emerg\u00eancia de sa\u00fade p\u00fablica decorrente da pandemia da Covid-19."}, {"id": "14970", "ano": "2020", "numero": "98", "tipo__sigla": "PL", "tipo__descricao": "Projeto de Lei Ordin\u00e1ria", "autoria": "Jab\u00e1 Bezerra", "texto_original": "http://sapl.saovicente.sp.leg.br/media/sapl/public/materialegislativa/2020/14970/pl_98_br.pdf", "ementa": "Institui em S\u00e3o Vicente o Programa de Sa\u00fade Auditiva e d\u00e1 outras provid\u00eancias."}, {"id": "14972", "ano": "2020", "numero": "100", "tipo__sigla": "PL", "tipo__descricao": "Projeto de Lei Ordin\u00e1ria", "autoria": "Wilson Cardoso", "texto_original": "http://sapl.saovicente.sp.leg.br/media/sapl/public/materialegislativa/2020/14972/pl_100_br.pdf", "ementa": "Disp\u00f5e sobre a cria\u00e7\u00e3o do Programa \u201cPor uma inf\u00e2ncia sem racismo\u201d e d\u00e1 outras provid\u00eancias."}, {"id": "14979", "ano": "2020", "numero": "107", "tipo__sigla": "PL", "tipo__descricao": "Projeto de Lei Ordin\u00e1ria", "autoria": "Dr Palmieri", "texto_original": "http://sapl.saovicente.sp.leg.br/media/sapl/public/materialegislativa/2020/14979/pl_107.pdf", "ementa": "Institui o projeto \u201cEnxoval Solid\u00e1rio\u201d no Munic\u00edpio de S\u00e3o Vicente."}, {"id": "14981", "ano": "2020", "numero": "109", "tipo__sigla": "PL", "tipo__descricao": "Projeto de Lei Ordin\u00e1ria", "autoria": "Wilson Cardoso", "texto_original": "http://sapl.saovicente.sp.leg.br/media/sapl/public/materialegislativa/2020/14981/pl_109_br.pdf", "ementa": "Disp\u00f5e sobre medidas permanentes de combate \u00e0 pedofilia no Munic\u00edpio de S\u00e3o Vicente."}, {"id": "14986", "ano": "2020", "numero": "114", "tipo__sigla": "PL", "tipo__descricao": "Projeto de Lei Ordin\u00e1ria", "autoria": "Wilson Cardoso", "texto_original": "http://sapl.saovicente.sp.leg.br/media/sapl/public/materialegislativa/2020/14986/pl_114_br.pdf", "ementa": "Autoriza o Poder Executivo a implantar o \u201cPrograma Lixo Reciclado\u201d nas escolas municipais de S\u00e3o Vicente e d\u00e1 outras provid\u00eancias."}, {"id": "14987", "ano": "2020", "numero": "115", "tipo__sigla": "PL", "tipo__descricao": "Projeto de Lei Ordin\u00e1ria", "autoria": "Sargento Barreto", "texto_original": "http://sapl.saovicente.sp.leg.br/media/sapl/public/materialegislativa/2020/14987/pl_115_br.pdf", "ementa": "Institui o Cart\u00e3o de Passe Social, especial para Desempregado, para Transporte P\u00fablico Municipal e d\u00e1 outras provid\u00eancias."}, {"id": "14988", "ano": "2020", "numero": "116", "tipo__sigla": "PL", "tipo__descricao": "Projeto de Lei Ordin\u00e1ria", "autoria": "Jab\u00e1 Bezerra", "texto_original": "http://sapl.saovicente.sp.leg.br/media/sapl/public/materialegislativa/2020/14988/pl_116_br.pdf", "ementa": "Institui o Programa Municipal de \u201cHortas Comunit\u00e1rias\u201d para aproveitamento de terrenos baldios p\u00fablicos, no Munic\u00edpio de S\u00e3o Vicente e d\u00e1 outras provid\u00eancias."}, {"id": "14990", "ano": "2020", "numero": "118", "tipo__sigla": "PL", "tipo__descricao": "Projeto de Lei Ordin\u00e1ria", "autoria": "Adilson da Farm\u00e1cia", "texto_original": "http://sapl.saovicente.sp.leg.br/media/sapl/public/materialegislativa/2020/14990/pl_118_br.pdf", "ementa": "Disp\u00f5e sobre concess\u00e3o de aux\u00edlio aluguel \u00e0s mulheres v\u00edtimas de viol\u00eancia dom\u00e9stica no Munic\u00edpio de S\u00e3o Vicente e d\u00e1 outras provid\u00eancias."}]}