{"id":2429,"__str__":"Projeto de Lei Ordin\u00e1ria n\u00ba 214 de 2023","link_detail_backend":"/materia/2429","metadata":{},"numero":214,"ano":2023,"numero_protocolo":null,"data_apresentacao":"2023-12-14","tipo_apresentacao":"","data_publicacao":null,"numero_origem_externa":"","ano_origem_externa":null,"data_origem_externa":null,"apelido":"","dias_prazo":null,"data_fim_prazo":null,"em_tramitacao":false,"polemica":false,"objeto":"","complementar":false,"ementa":"Altera a Lei n\u00ba 4301, de 18 de julho de 2022, que institui a Escola de Educa\u00e7\u00e3o Integral no Munic\u00edpio de S\u00e3o Vicente, denominada Ambiente Municipal de Educa\u00e7\u00e3o  Integral, estabelece suas diretrizes e d\u00e1 outras provid\u00eancias","indexacao":"","observacao":"","resultado":"","texto_original":"http://sapl.saovicente.sp.leg.br/media/sapl/public/materialegislativa/2023/2429/msg_99.pdf","data_ultima_atualizacao":"2024-07-30T16:23:28.253173-03:00","ip":"186.209.42.198","ultima_edicao":"2023-12-18T16:32:49.252570-03:00","tipo":2,"regime_tramitacao":6,"tipo_origem_externa":null,"local_origem_externa":null,"user":4,"anexadas":[],"autores":[10]}