{"id":20739,"__str__":"Projeto de Lei Ordin\u00e1ria n\u00ba 153 de 2025","link_detail_backend":"/materia/20739","metadata":{},"numero":153,"ano":2025,"numero_protocolo":null,"data_apresentacao":"2025-11-26","tipo_apresentacao":"","data_publicacao":null,"numero_origem_externa":"","ano_origem_externa":null,"data_origem_externa":null,"apelido":"","dias_prazo":null,"data_fim_prazo":null,"em_tramitacao":false,"polemica":false,"objeto":"","complementar":false,"ementa":"Considera de Utilidade P\u00fablica a Associa\u00e7\u00e3o de L\u00edderes Comunit\u00e1rios N\u00f3s por N\u00f3s, do Jardim Irm\u00e3 Dolores.","indexacao":"","observacao":"","resultado":"","texto_original":"http://sapl.saovicente.sp.leg.br/media/sapl/public/materialegislativa/2025/20739/pl153.pdf","data_ultima_atualizacao":"2026-01-28T17:04:36.469086-03:00","ip":"186.209.42.198","ultima_edicao":"2025-11-27T17:54:10.308006-03:00","tipo":2,"regime_tramitacao":6,"tipo_origem_externa":null,"local_origem_externa":null,"user":4,"anexadas":[20738,21011],"autores":[16]}