{"id":13442,"__str__":"Projeto de Lei Ordin\u00e1ria n\u00ba 15 de 2000","link_detail_backend":"/materia/13442","metadata":{},"numero":15,"ano":2000,"numero_protocolo":null,"data_apresentacao":"2000-02-29","tipo_apresentacao":"","data_publicacao":null,"numero_origem_externa":"","ano_origem_externa":null,"data_origem_externa":null,"apelido":"","dias_prazo":null,"data_fim_prazo":null,"em_tramitacao":false,"polemica":false,"objeto":"","complementar":false,"ementa":"Autoriza o Poder Executivo a permitir o uso, a t\u00edtulo prec\u00e1rio, da Pra\u00e7a Antonio Carlos\r\nBrasileiro de Almeida Jobim, pelos artistas Pierre Zorrilha Villar e Antoni Silva, no per\u00edodo\r\nde 14 de mar\u00e7o a 4 de abril de 2000, para exposi\u00e7\u00e3o de esculturas, desenhos e pinturas em t\u00e9cnicas diversas.","indexacao":"","observacao":"","resultado":"","texto_original":"http://sapl.saovicente.sp.leg.br/media/sapl/public/materialegislativa/2000/13442/projeto_de_lei_0015.pdf","data_ultima_atualizacao":"2024-10-30T14:52:32.621160-03:00","ip":"186.209.42.198","ultima_edicao":"2024-10-30T14:51:33.736246-03:00","tipo":2,"regime_tramitacao":6,"tipo_origem_externa":null,"local_origem_externa":null,"user":19,"anexadas":[],"autores":[71]}